{"id":1213,"date":"2020-01-08T19:49:22","date_gmt":"2020-01-08T18:49:22","guid":{"rendered":"https:\/\/www.centronanda.es\/depresion\/"},"modified":"2020-01-11T10:33:01","modified_gmt":"2020-01-11T09:33:01","slug":"depresion","status":"publish","type":"post","link":"https:\/\/centronanda.es\/ca\/depresion\/","title":{"rendered":"Depresi\u00f3n"},"content":{"rendered":"<div>\n<p style=\"text-align: justify;\"><span style=\"font-family: Roboto;\">Todos en un momento u otro de nuestra vida podemos sentirnos, durante per\u00edodos cortos de tiempo, tristes, deca\u00eddos\u2026 Pero, estos sentimientos suelen ser pasajeros y desaparecer en unos d\u00edas. El problema viene cuando estos s\u00edntomas van permaneciendo en el tiempo e interfieren con nuestro quehacer diario, causando dolor tanto para quien la padece, como para quienes se preocupan por la persona. Sin darnos cuenta muchas veces, acaba derivando en una depresi\u00f3n, caracterizada por ser un trastorno del estado an\u00edmico en el cual se tienen sentimientos de tristeza, de culpa, p\u00e9rdida de inter\u00e9s o placer, ira, frustraci\u00f3n, abatimiento, infelicidad, pueden aparecer trastornos del sue\u00f1o o del apetito, sensaci\u00f3n de cansancio y falta de concentraci\u00f3n, baja autoestima\u2026 As\u00ed como afectar a los pensamientos, la perspectiva y el comportamiento de la persona.<\/span><\/p>\n<p style=\"text-align: justify;\"><span style=\"font-family: Roboto;\">Todos estos sentimientos provocan una incapacidad total o parcial para disfrutar de las cosas y de los acontecimientos de la vida cotidiana, denominado en t\u00e9rminos psicol\u00f3gicos, anhedonia.<\/span><\/p>\n<p style=\"text-align: justify;\"><span style=\"font-family: Roboto;\">Estar deprimido es algo m\u00e1s que estar triste o que llorar mucho, o aun m\u00e1s severo que estar cansado. Aun cuando los tres tipos de situaciones est\u00e1n presentes en las manifestaciones que tiene una persona con depresi\u00f3n.<\/span><\/p>\n<p style=\"text-align: justify;\"><span style=\"font-family: Roboto;\">En la depresi\u00f3n, se suelen observar problemas para dormir, sue\u00f1o inquieto y despertares frecuentes, que hacen que el paciente se incorpore con frecuencia en la madrugada, siendo muy dif\u00edcil el re-iniciar su sue\u00f1o; presentar adem\u00e1s fatiga y una sensaci\u00f3n de p\u00e9rdida de energ\u00eda, que se manifiesta con una gran dificultad para empezar la mayor\u00eda de las acciones que habitualmente realizaba f\u00e1cilmente, como por ejemplo, una ama de casa que tiene problemas para hacer cosas tan comunes a ella como el arreglo de su hogar y aun m\u00e1s, el arreglo personal. Es habitual que se produzca una disminuci\u00f3n importante en el apetito, lo cual lleva a la persona a bajar de peso, as\u00ed como problemas de concentraci\u00f3n y memoria. Otro de los apetitos, que disminuye de manera importante, es el deseo sexual, lo que suele tener cierto impacto en sus relaciones interpersonales, principalmente en el \u00e1rea de pareja. Si la persona est\u00e1 sumida en una depresi\u00f3n profunda, puede llegar a presentar ideas de muerte, que pueden ir de ya no querer estar vivo, hasta la \u201cmaquinaci\u00f3n\u201d de su propia muerte, que en ocasiones, se llevan a cabo.<\/span><\/p>\n<\/div>\n<div style=\"text-align: justify;\">\n<p><span style=\"font-family: Roboto;\"><a href=\"http:\/\/3.bp.blogspot.com\/-QYp_JgE-ueQ\/T76Q_0sQWlI\/AAAAAAAAGH8\/bvjIizd-TD4\/s1600\/depresion.jpg\"><img decoding=\"async\" src=\"https:\/\/3.bp.blogspot.com\/-QYp_JgE-ueQ\/T76Q_0sQWlI\/AAAAAAAAGH8\/bvjIizd-TD4\/s320\/depresion.jpg\" alt=\"\" width=\"212\" height=\"320\" border=\"0\" \/><\/a><\/span><\/p>\n<p><span style=\"font-family: Roboto;\">Cuando una persona sufre de depresi\u00f3n, el mundo parece sombr\u00edo, y los pensamientos de esa persona reflejan la desesperaci\u00f3n y el desamparo que siente. Las personas con depresi\u00f3n tienden a manifestar pensamientos negativos y autocr\u00edticos. Algunas veces, m\u00e1s all\u00e1 de su valor real, las personas con depresi\u00f3n pueden sentirse in\u00fatiles y no queridas, por ello se produce la disminuci\u00f3n o p\u00e9rdida de la autoestima.<\/span><\/p>\n<\/div>\n<h2 style=\"text-align: justify;\"><span style=\"font-family: Roboto;\">Si tienes depresi\u00f3n, Centro Nanda puede ayudarte.<\/span><\/h2>\n<div style=\"text-align: justify;\">\n<p><span style=\"font-family: Roboto;\">La depresi\u00f3n puede nublarlo todo y hacer que hasta los peque\u00f1os problemas parezcan abrumadores. Las personas deprimidas son incapaces de ver un futuro brillante y se sienten sin fuerzas para cambiar las cosas para mejor. Pueden sentir deseos de darse por vencidos. Pueden llorar por cosas sin importancia o incluso sin ninguna raz\u00f3n.<\/span><\/p>\n<\/div>\n<div style=\"text-align: justify;\">\n<p><span style=\"font-family: Roboto;\">A causa de sus profundos sentimientos de tristeza y de su poca energ\u00eda, las personas con depresi\u00f3n a veces se alejan de las personas que los rodean o de las actividades que alguna vez disfrutaron. Esto s\u00f3lo hace que se sientan m\u00e1s solos y aislados, lo cual empeora su situaci\u00f3n. Se convierte en un c\u00edrculo vicioso muy dif\u00edcil de romper.<\/span><\/p>\n<\/div>\n<div style=\"text-align: justify;\">\n<p><span style=\"font-family: Roboto;\">La depresi\u00f3n puede llegar a hacerse cr\u00f3nica o recurrente, de manera que dificulte el desempe\u00f1o de las tareas del d\u00eda a d\u00eda. As\u00ed como ir fluctuando en el tiempo, temporadas con estado de \u00e1nimo depresivo y temporadas m\u00e1s estables.<\/span><\/p>\n<\/div>\n<div style=\"text-align: justify;\">\n<p><span style=\"font-family: Roboto;\">Este estado no es algo que de pronto aparezca, habitualmente su inicio es poco claro y se puede iniciar por s\u00edntomas corporales, de los llamados som\u00e1ticos (o somatiformes), que hacen pensar a la persona que est\u00e1 enfermo de algo diferente a la depresi\u00f3n, dolores de cabeza, espalda, sensaci\u00f3n de piernas y brazos pesados, fatiga, decaimiento, pueden ser s\u00edntomas iniciales de la depresi\u00f3n. Posteriormente pueden aparecer las ideas de tristeza, la rumiaci\u00f3n de experiencias tristes, desagradables y embarazosas que se tuvo en el pasado. Entonces el paciente se a\u00edsla, se le dificulta el trato con los dem\u00e1s, se vuelve irritable, est\u00e1 constantemente con ideas de culpa por eventos del pasado o por situaciones en donde omiti\u00f3 tal o cual acci\u00f3n, etc.<\/span><\/p>\n<\/div>\n<div style=\"text-align: justify;\">\n<p><span style=\"font-family: Roboto;\">La depresi\u00f3n no tiene una \u00fanica causa. Son muchos los factores que desempe\u00f1an un papel, incluidos la gen\u00e9tica, el entorno, el estado de salud, los sucesos de la vida y determinados patrones de pensamiento que afectan las reacciones de las personas frente a los acontecimientos.<\/span><\/p>\n<\/div>\n<div style=\"text-align: justify;\">\n<p><span style=\"font-family: Roboto;\">Hay acontecimientos de la vida, como por ejemplo, la muerte de un familiar cercano o de un amigo, que pueden ir m\u00e1s all\u00e1 del dolor normal y, a veces, llevar a la depresi\u00f3n.<\/span><\/p>\n<\/div>\n<div style=\"text-align: justify;\">\n<p><span style=\"font-family: Roboto;\">Tambi\u00e9n pueden aumentar las posibilidades de que las personas se depriman, determinadas condiciones sociales como la pobreza, la falta de hogar, la violencia en la comunidad, etc.<\/span><\/p>\n<\/div>\n<div style=\"text-align: justify;\">\n<p><span style=\"font-family: Roboto;\">Aunque se considera una enfermedad com\u00fan, es grave y la mayor parte de quienes la padecen necesitan tratamiento y ayuda para mejorar. Siempre hay que descartar cualquier otra posibilidad visitando a su m\u00e9dico habitual. Ya que ciertos medicamentos y condiciones m\u00e9dicas, tales como virus o trastornos de tiroides, pueden provocar los mismos s\u00edntomas que la depresi\u00f3n y pueden confundirnos.<\/span><\/p>\n<\/div>\n<div>\n<p style=\"text-align: justify;\"><span style=\"font-family: Roboto;\">Muchas personas simplemente no se dan cuenta de que la depresi\u00f3n puede provocar muchos problemas o mucho dolor. Algunas veces, incluso las personas deprimidas no se toman su enfermedad con la debida seriedad. Creyendo que \u00e9sta puede deberse a su propia debilidad o un fallo en su car\u00e1cter, etc. Con lo que este tipo de creencias lleva a muchos a ocultar su depresi\u00f3n y sentir verg\u00fcenza, evitando contarlo y\/o buscar ayuda.<\/span><\/p>\n<\/div>\n","protected":false},"excerpt":{"rendered":"<p>Todos en un momento u otro de nuestra vida podemos sentirnos, durante per\u00edodos cortos de tiempo, tristes, deca\u00eddos\u2026 Pero, estos sentimientos suelen ser pasajeros y desaparecer en unos d\u00edas. El [&hellip;]<\/p>\n","protected":false},"author":3,"featured_media":1204,"comment_status":"closed","ping_status":"open","sticky":false,"template":"","format":"standard","meta":{"footnotes":""},"categories":[33],"tags":[34,35,36],"class_list":["post-1213","post","type-post","status-publish","format-standard","has-post-thumbnail","hentry","category-psicologia-sabadell-ca","tag-depresion-ca","tag-psiclogia-sabadell-ca","tag-psicologos-sabadell-ca"],"yoast_head":"<!-- This site is optimized with the Yoast SEO plugin v27.2 - https:\/\/yoast.com\/product\/yoast-seo-wordpress\/ -->\n<title>\u2705 Psic\u00f3logos Sabadell - Centro Nanda - Depresi\u00f3n<\/title>\n<meta name=\"description\" content=\"Centro Nanda especializado en Depresi\u00f3n en Sabadell con m\u00e1s de 10 a\u00f1os de experincia. Pide cita online o presencial en info@centronanda.es o al 655811696\" \/>\n<meta name=\"robots\" content=\"index, follow, max-snippet:-1, max-image-preview:large, max-video-preview:-1\" \/>\n<link rel=\"canonical\" href=\"https:\/\/centronanda.es\/ca\/depresion\/\" \/>\n<meta property=\"og:locale\" content=\"ca_ES\" \/>\n<meta property=\"og:type\" content=\"article\" \/>\n<meta property=\"og:title\" content=\"\u2705 Psic\u00f3logos Sabadell - Centro Nanda - Depresi\u00f3n\" \/>\n<meta property=\"og:description\" content=\"Centro Nanda especializado en Depresi\u00f3n en Sabadell con m\u00e1s de 10 a\u00f1os de experincia. Pide cita online o presencial en info@centronanda.es o al 655811696\" \/>\n<meta property=\"og:url\" content=\"https:\/\/centronanda.es\/ca\/depresion\/\" \/>\n<meta property=\"og:site_name\" content=\"Centro Nanda\" \/>\n<meta property=\"article:published_time\" content=\"2020-01-08T18:49:22+00:00\" \/>\n<meta property=\"article:modified_time\" content=\"2020-01-11T09:33:01+00:00\" \/>\n<meta property=\"og:image\" content=\"https:\/\/centronanda.es\/wp-content\/uploads\/2020\/01\/mujer-sentada-cubriendose-cabeza-500x334-1.jpg\" \/>\n\t<meta property=\"og:image:width\" content=\"500\" \/>\n\t<meta property=\"og:image:height\" content=\"334\" \/>\n\t<meta property=\"og:image:type\" content=\"image\/jpeg\" \/>\n<meta name=\"author\" content=\"Mir\u00edam Vaz\" \/>\n<meta name=\"twitter:card\" content=\"summary_large_image\" \/>\n<meta name=\"twitter:label1\" content=\"Escrit per\" \/>\n\t<meta name=\"twitter:data1\" content=\"Mir\u00edam Vaz\" \/>\n\t<meta name=\"twitter:label2\" content=\"Temps estimat de lectura\" \/>\n\t<meta name=\"twitter:data2\" content=\"5 minuts\" \/>\n<script type=\"application\/ld+json\" class=\"yoast-schema-graph\">{\"@context\":\"https:\/\/schema.org\",\"@graph\":[{\"@type\":\"Article\",\"@id\":\"https:\/\/centronanda.es\/ca\/depresion\/#article\",\"isPartOf\":{\"@id\":\"https:\/\/centronanda.es\/ca\/depresion\/\"},\"author\":{\"name\":\"Mir\u00edam Vaz\",\"@id\":\"https:\/\/centronanda.es\/ca\/#\/schema\/person\/37195b04fee25f07156617e9ef81f9a9\"},\"headline\":\"Depresi\u00f3n\",\"datePublished\":\"2020-01-08T18:49:22+00:00\",\"dateModified\":\"2020-01-11T09:33:01+00:00\",\"mainEntityOfPage\":{\"@id\":\"https:\/\/centronanda.es\/ca\/depresion\/\"},\"wordCount\":1045,\"publisher\":{\"@id\":\"https:\/\/centronanda.es\/ca\/#organization\"},\"image\":{\"@id\":\"https:\/\/centronanda.es\/ca\/depresion\/#primaryimage\"},\"thumbnailUrl\":\"https:\/\/centronanda.es\/wp-content\/uploads\/2020\/01\/mujer-sentada-cubriendose-cabeza-500x334-1.jpg\",\"keywords\":[\"Depresi\u00f3n\",\"PSiclogia Sabadell\",\"Psicologos Sabadell\"],\"articleSection\":[\"Psicolog\u00eda Sabadell\"],\"inLanguage\":\"ca\"},{\"@type\":\"WebPage\",\"@id\":\"https:\/\/centronanda.es\/ca\/depresion\/\",\"url\":\"https:\/\/centronanda.es\/ca\/depresion\/\",\"name\":\"\u2705 Psic\u00f3logos Sabadell - Centro Nanda - Depresi\u00f3n\",\"isPartOf\":{\"@id\":\"https:\/\/centronanda.es\/ca\/#website\"},\"primaryImageOfPage\":{\"@id\":\"https:\/\/centronanda.es\/ca\/depresion\/#primaryimage\"},\"image\":{\"@id\":\"https:\/\/centronanda.es\/ca\/depresion\/#primaryimage\"},\"thumbnailUrl\":\"https:\/\/centronanda.es\/wp-content\/uploads\/2020\/01\/mujer-sentada-cubriendose-cabeza-500x334-1.jpg\",\"datePublished\":\"2020-01-08T18:49:22+00:00\",\"dateModified\":\"2020-01-11T09:33:01+00:00\",\"description\":\"Centro Nanda especializado en Depresi\u00f3n en Sabadell con m\u00e1s de 10 a\u00f1os de experincia. Pide cita online o presencial en info@centronanda.es o al 655811696\",\"breadcrumb\":{\"@id\":\"https:\/\/centronanda.es\/ca\/depresion\/#breadcrumb\"},\"inLanguage\":\"ca\",\"potentialAction\":[{\"@type\":\"ReadAction\",\"target\":[\"https:\/\/centronanda.es\/ca\/depresion\/\"]}]},{\"@type\":\"ImageObject\",\"inLanguage\":\"ca\",\"@id\":\"https:\/\/centronanda.es\/ca\/depresion\/#primaryimage\",\"url\":\"https:\/\/centronanda.es\/wp-content\/uploads\/2020\/01\/mujer-sentada-cubriendose-cabeza-500x334-1.jpg\",\"contentUrl\":\"https:\/\/centronanda.es\/wp-content\/uploads\/2020\/01\/mujer-sentada-cubriendose-cabeza-500x334-1.jpg\",\"width\":500,\"height\":334,\"caption\":\"depresion\"},{\"@type\":\"BreadcrumbList\",\"@id\":\"https:\/\/centronanda.es\/ca\/depresion\/#breadcrumb\",\"itemListElement\":[{\"@type\":\"ListItem\",\"position\":1,\"name\":\"Portada\",\"item\":\"https:\/\/centronanda.es\/ca\/\"},{\"@type\":\"ListItem\",\"position\":2,\"name\":\"Depresi\u00f3n\"}]},{\"@type\":\"WebSite\",\"@id\":\"https:\/\/centronanda.es\/ca\/#website\",\"url\":\"https:\/\/centronanda.es\/ca\/\",\"name\":\"Centro Nanda\",\"description\":\"Psicolog\u00eda Sabadell\",\"publisher\":{\"@id\":\"https:\/\/centronanda.es\/ca\/#organization\"},\"potentialAction\":[{\"@type\":\"SearchAction\",\"target\":{\"@type\":\"EntryPoint\",\"urlTemplate\":\"https:\/\/centronanda.es\/ca\/?s={search_term_string}\"},\"query-input\":{\"@type\":\"PropertyValueSpecification\",\"valueRequired\":true,\"valueName\":\"search_term_string\"}}],\"inLanguage\":\"ca\"},{\"@type\":\"Organization\",\"@id\":\"https:\/\/centronanda.es\/ca\/#organization\",\"name\":\"Centro Nanda\",\"url\":\"https:\/\/centronanda.es\/ca\/\",\"logo\":{\"@type\":\"ImageObject\",\"inLanguage\":\"ca\",\"@id\":\"https:\/\/centronanda.es\/ca\/#\/schema\/logo\/image\/\",\"url\":\"https:\/\/centronanda.es\/wp-content\/uploads\/2019\/10\/logo_nanda_sin_fondo.png\",\"contentUrl\":\"https:\/\/centronanda.es\/wp-content\/uploads\/2019\/10\/logo_nanda_sin_fondo.png\",\"width\":1359,\"height\":1263,\"caption\":\"Centro Nanda\"},\"image\":{\"@id\":\"https:\/\/centronanda.es\/ca\/#\/schema\/logo\/image\/\"}},{\"@type\":\"Person\",\"@id\":\"https:\/\/centronanda.es\/ca\/#\/schema\/person\/37195b04fee25f07156617e9ef81f9a9\",\"name\":\"Mir\u00edam Vaz\",\"image\":{\"@type\":\"ImageObject\",\"inLanguage\":\"ca\",\"@id\":\"https:\/\/secure.gravatar.com\/avatar\/ba9136b6fe5dba96e76b1fe1e886caa8ad96639d68a0414d569806f708b070e3?s=96&d=mm&r=g\",\"url\":\"https:\/\/secure.gravatar.com\/avatar\/ba9136b6fe5dba96e76b1fe1e886caa8ad96639d68a0414d569806f708b070e3?s=96&d=mm&r=g\",\"contentUrl\":\"https:\/\/secure.gravatar.com\/avatar\/ba9136b6fe5dba96e76b1fe1e886caa8ad96639d68a0414d569806f708b070e3?s=96&d=mm&r=g\",\"caption\":\"Mir\u00edam Vaz\"},\"url\":\"https:\/\/centronanda.es\/ca\/author\/miriam\/\"}]}<\/script>\n<!-- \/ Yoast SEO plugin. -->","yoast_head_json":{"title":"\u2705 Psic\u00f3logos Sabadell - Centro Nanda - Depresi\u00f3n","description":"Centro Nanda especializado en Depresi\u00f3n en Sabadell con m\u00e1s de 10 a\u00f1os de experincia. Pide cita online o presencial en info@centronanda.es o al 655811696","robots":{"index":"index","follow":"follow","max-snippet":"max-snippet:-1","max-image-preview":"max-image-preview:large","max-video-preview":"max-video-preview:-1"},"canonical":"https:\/\/centronanda.es\/ca\/depresion\/","og_locale":"ca_ES","og_type":"article","og_title":"\u2705 Psic\u00f3logos Sabadell - Centro Nanda - Depresi\u00f3n","og_description":"Centro Nanda especializado en Depresi\u00f3n en Sabadell con m\u00e1s de 10 a\u00f1os de experincia. Pide cita online o presencial en info@centronanda.es o al 655811696","og_url":"https:\/\/centronanda.es\/ca\/depresion\/","og_site_name":"Centro Nanda","article_published_time":"2020-01-08T18:49:22+00:00","article_modified_time":"2020-01-11T09:33:01+00:00","og_image":[{"width":500,"height":334,"url":"https:\/\/centronanda.es\/wp-content\/uploads\/2020\/01\/mujer-sentada-cubriendose-cabeza-500x334-1.jpg","type":"image\/jpeg"}],"author":"Mir\u00edam Vaz","twitter_card":"summary_large_image","twitter_misc":{"Escrit per":"Mir\u00edam Vaz","Temps estimat de lectura":"5 minuts"},"schema":{"@context":"https:\/\/schema.org","@graph":[{"@type":"Article","@id":"https:\/\/centronanda.es\/ca\/depresion\/#article","isPartOf":{"@id":"https:\/\/centronanda.es\/ca\/depresion\/"},"author":{"name":"Mir\u00edam Vaz","@id":"https:\/\/centronanda.es\/ca\/#\/schema\/person\/37195b04fee25f07156617e9ef81f9a9"},"headline":"Depresi\u00f3n","datePublished":"2020-01-08T18:49:22+00:00","dateModified":"2020-01-11T09:33:01+00:00","mainEntityOfPage":{"@id":"https:\/\/centronanda.es\/ca\/depresion\/"},"wordCount":1045,"publisher":{"@id":"https:\/\/centronanda.es\/ca\/#organization"},"image":{"@id":"https:\/\/centronanda.es\/ca\/depresion\/#primaryimage"},"thumbnailUrl":"https:\/\/centronanda.es\/wp-content\/uploads\/2020\/01\/mujer-sentada-cubriendose-cabeza-500x334-1.jpg","keywords":["Depresi\u00f3n","PSiclogia Sabadell","Psicologos Sabadell"],"articleSection":["Psicolog\u00eda Sabadell"],"inLanguage":"ca"},{"@type":"WebPage","@id":"https:\/\/centronanda.es\/ca\/depresion\/","url":"https:\/\/centronanda.es\/ca\/depresion\/","name":"\u2705 Psic\u00f3logos Sabadell - Centro Nanda - Depresi\u00f3n","isPartOf":{"@id":"https:\/\/centronanda.es\/ca\/#website"},"primaryImageOfPage":{"@id":"https:\/\/centronanda.es\/ca\/depresion\/#primaryimage"},"image":{"@id":"https:\/\/centronanda.es\/ca\/depresion\/#primaryimage"},"thumbnailUrl":"https:\/\/centronanda.es\/wp-content\/uploads\/2020\/01\/mujer-sentada-cubriendose-cabeza-500x334-1.jpg","datePublished":"2020-01-08T18:49:22+00:00","dateModified":"2020-01-11T09:33:01+00:00","description":"Centro Nanda especializado en Depresi\u00f3n en Sabadell con m\u00e1s de 10 a\u00f1os de experincia. Pide cita online o presencial en info@centronanda.es o al 655811696","breadcrumb":{"@id":"https:\/\/centronanda.es\/ca\/depresion\/#breadcrumb"},"inLanguage":"ca","potentialAction":[{"@type":"ReadAction","target":["https:\/\/centronanda.es\/ca\/depresion\/"]}]},{"@type":"ImageObject","inLanguage":"ca","@id":"https:\/\/centronanda.es\/ca\/depresion\/#primaryimage","url":"https:\/\/centronanda.es\/wp-content\/uploads\/2020\/01\/mujer-sentada-cubriendose-cabeza-500x334-1.jpg","contentUrl":"https:\/\/centronanda.es\/wp-content\/uploads\/2020\/01\/mujer-sentada-cubriendose-cabeza-500x334-1.jpg","width":500,"height":334,"caption":"depresion"},{"@type":"BreadcrumbList","@id":"https:\/\/centronanda.es\/ca\/depresion\/#breadcrumb","itemListElement":[{"@type":"ListItem","position":1,"name":"Portada","item":"https:\/\/centronanda.es\/ca\/"},{"@type":"ListItem","position":2,"name":"Depresi\u00f3n"}]},{"@type":"WebSite","@id":"https:\/\/centronanda.es\/ca\/#website","url":"https:\/\/centronanda.es\/ca\/","name":"Centro Nanda","description":"Psicolog\u00eda Sabadell","publisher":{"@id":"https:\/\/centronanda.es\/ca\/#organization"},"potentialAction":[{"@type":"SearchAction","target":{"@type":"EntryPoint","urlTemplate":"https:\/\/centronanda.es\/ca\/?s={search_term_string}"},"query-input":{"@type":"PropertyValueSpecification","valueRequired":true,"valueName":"search_term_string"}}],"inLanguage":"ca"},{"@type":"Organization","@id":"https:\/\/centronanda.es\/ca\/#organization","name":"Centro Nanda","url":"https:\/\/centronanda.es\/ca\/","logo":{"@type":"ImageObject","inLanguage":"ca","@id":"https:\/\/centronanda.es\/ca\/#\/schema\/logo\/image\/","url":"https:\/\/centronanda.es\/wp-content\/uploads\/2019\/10\/logo_nanda_sin_fondo.png","contentUrl":"https:\/\/centronanda.es\/wp-content\/uploads\/2019\/10\/logo_nanda_sin_fondo.png","width":1359,"height":1263,"caption":"Centro Nanda"},"image":{"@id":"https:\/\/centronanda.es\/ca\/#\/schema\/logo\/image\/"}},{"@type":"Person","@id":"https:\/\/centronanda.es\/ca\/#\/schema\/person\/37195b04fee25f07156617e9ef81f9a9","name":"Mir\u00edam Vaz","image":{"@type":"ImageObject","inLanguage":"ca","@id":"https:\/\/secure.gravatar.com\/avatar\/ba9136b6fe5dba96e76b1fe1e886caa8ad96639d68a0414d569806f708b070e3?s=96&d=mm&r=g","url":"https:\/\/secure.gravatar.com\/avatar\/ba9136b6fe5dba96e76b1fe1e886caa8ad96639d68a0414d569806f708b070e3?s=96&d=mm&r=g","contentUrl":"https:\/\/secure.gravatar.com\/avatar\/ba9136b6fe5dba96e76b1fe1e886caa8ad96639d68a0414d569806f708b070e3?s=96&d=mm&r=g","caption":"Mir\u00edam Vaz"},"url":"https:\/\/centronanda.es\/ca\/author\/miriam\/"}]}},"_links":{"self":[{"href":"https:\/\/centronanda.es\/ca\/wp-json\/wp\/v2\/posts\/1213","targetHints":{"allow":["GET"]}}],"collection":[{"href":"https:\/\/centronanda.es\/ca\/wp-json\/wp\/v2\/posts"}],"about":[{"href":"https:\/\/centronanda.es\/ca\/wp-json\/wp\/v2\/types\/post"}],"author":[{"embeddable":true,"href":"https:\/\/centronanda.es\/ca\/wp-json\/wp\/v2\/users\/3"}],"replies":[{"embeddable":true,"href":"https:\/\/centronanda.es\/ca\/wp-json\/wp\/v2\/comments?post=1213"}],"version-history":[{"count":1,"href":"https:\/\/centronanda.es\/ca\/wp-json\/wp\/v2\/posts\/1213\/revisions"}],"predecessor-version":[{"id":1235,"href":"https:\/\/centronanda.es\/ca\/wp-json\/wp\/v2\/posts\/1213\/revisions\/1235"}],"wp:featuredmedia":[{"embeddable":true,"href":"https:\/\/centronanda.es\/ca\/wp-json\/wp\/v2\/media\/1204"}],"wp:attachment":[{"href":"https:\/\/centronanda.es\/ca\/wp-json\/wp\/v2\/media?parent=1213"}],"wp:term":[{"taxonomy":"category","embeddable":true,"href":"https:\/\/centronanda.es\/ca\/wp-json\/wp\/v2\/categories?post=1213"},{"taxonomy":"post_tag","embeddable":true,"href":"https:\/\/centronanda.es\/ca\/wp-json\/wp\/v2\/tags?post=1213"}],"curies":[{"name":"wp","href":"https:\/\/api.w.org\/{rel}","templated":true}]}}